{"id":1203,"date":"2013-01-21T14:16:33","date_gmt":"2013-01-21T14:16:33","guid":{"rendered":"http:\/\/www.encontraitapetininga.com.br\/noticias\/?p=1203"},"modified":"2013-08-14T15:55:57","modified_gmt":"2013-08-14T15:55:57","slug":"cresce-o-numero-de-funcionarios-efetivados-em-itapetininga","status":"publish","type":"post","link":"https:\/\/www.encontraitapetininga.com.br\/noticias\/cresce-o-numero-de-funcionarios-efetivados-em-itapetininga\/","title":{"rendered":"Cresce o n\u00famero de funcion\u00e1rios efetivados em Itapetininga"},"content":{"rendered":"<p>De acordo com dados da Associa\u00e7\u00e3o Comercial de Itapetininga (SP), as contrata\u00e7\u00f5es tempor\u00e1rios de fim de ano na cidade terminaram com a efetiva\u00e7\u00e3o de pelo menos 15% dos trabalhadores.<\/p>\n<p>O n\u00famero na cidade est\u00e1 equiparado aos n\u00fameros registrados no pa\u00eds.\u00a0 Dados da Associa\u00e7\u00e3o Brasileira das Empresas de Servi\u00e7os Terceiriz\u00e1veis e de Trabalho Tempor\u00e1rio apontam que, no fim de 2012, foram contratados 157 mil funcion\u00e1rios tempor\u00e1rios. O n\u00famero corresponde a 7% a mais do que o total de 2011.<\/p>\n<p>Os trabalhadores que conquistaram as vagas efetivas comemoraram. Esse \u00e9 o caso de Alessandra Aparecida Silva, a funcion\u00e1ria do setor de embalagem de uma f\u00e1brica de chocolates de Itapetininga, que iniciou na empresa como tempor\u00e1ria. Ela afirma que ao chegar para o trabalho estava nervosa. \u201cN\u00e3o sabia se iria ficar ou se sairia assim que terminasse o contrato. Agora com a efetiva\u00e7\u00e3o, vamos em frente\u201d, diz.<\/p>\n<p>De acordo com o propriet\u00e1rio da f\u00e1brica, Marco Ant\u00f4nio Aurichio, pr\u00f3ximo ao fim do ano foram selecionados 35 funcion\u00e1rios tempor\u00e1rios. Desses, nove, incluindo a embaladeira Alessandra Silva, foram contratados.\u00a0 Aurichio explica que a maioria chegou sem experi\u00eancia, por isso, passaram por treinamento e se destacaram. \u201cTemos que criar a m\u00e3o de obra porque n\u00e3o existe especializa\u00e7\u00e3o neste setor aqui na regi\u00e3o. Ent\u00e3o, aqueles que se d\u00e3o melhor ficam porque a f\u00e1brica est\u00e1 sempre precisando de mais gente\u201d, comenta.<\/p>\n<p>No setor de cal\u00e7ados e vestu\u00e1rios, tamb\u00e9m houve contrata\u00e7\u00f5es. A vendedora Michele Aparecida Santos conta que sempre trabalhou por conta pr\u00f3pria comercializando lingerie. No fim do ano, passou por uma sele\u00e7\u00e3o de uma loja do centro da cidade. Ap\u00f3s o contrato de trabalho tempor\u00e1rio, foi finalmente efetivada. Segundo Santos, este \u00e9 o primeiro registro em carteira. \u201c\u00c9 uma seguran\u00e7a come\u00e7ar o ano com emprego\u201d, diz.<\/p>\n<p>Outra vendedora que comemora a efetiva\u00e7\u00e3o \u00e9 Mayumi Oba. Ela conquistou o emprego fixo depois de 20 dias de trabalho como tempor\u00e1ria. \u201cAntes eu estava desempregada. A efetiva\u00e7\u00e3o foi uma surpresa, eu n\u00e3o esperava\u201d, diz.<\/p>\n<p>Segundo o presidente da Associa\u00e7\u00e3o Comercial de Itapetininga, Quirino Pinto Neto, a contrata\u00e7\u00e3o desses funcion\u00e1rios \u00e9 bastante positiva. \u201c\u00c9 muito bom porque o tempor\u00e1rio \u00e9 contratado para suprir uma demanda da loja, ou seja, um bom atendimento ao p\u00fablico\u201d, comenta.<\/p>\n<p>A gerente de loja, L\u00e9ia Machado, acredita que a economia do pa\u00eds tem contribu\u00eddo para aumentar as vagas para trabalhadores fixos. \u201cAcreditamos que a economia vai crescer, vai se aquecer ainda mais. E com isso, crescem tamb\u00e9m os empregos. Consequentemente, gerando empregos na cidade ser\u00e1 muito bom porque ter\u00e1 mais renda sendo distribu\u00edda para v\u00e1rios setores\u201d, analisa.<\/p>\n<p><em>Fonte: G1<\/em><\/p>\n","protected":false},"excerpt":{"rendered":"<p>De acordo com dados da Associa\u00e7\u00e3o Comercial de Itapetininga (SP), as contrata\u00e7\u00f5es tempor\u00e1rios de fim de ano na cidade terminaram com a efetiva\u00e7\u00e3o de pelo menos 15% dos trabalhadores. O n\u00famero na cidade est\u00e1 equiparado aos n\u00fameros registrados no pa\u00eds.\u00a0 Dados da Associa\u00e7\u00e3o Brasileira das Empresas de Servi\u00e7os Terceiriz\u00e1veis e de Trabalho Tempor\u00e1rio apontam que, [&hellip;]<\/p>\n","protected":false},"author":1,"featured_media":0,"comment_status":"open","ping_status":"open","sticky":false,"template":"","format":"standard","meta":{"footnotes":""},"categories":[6],"tags":[],"class_list":["post-1203","post","type-post","status-publish","format-standard","hentry","category-noticias"],"_links":{"self":[{"href":"https:\/\/www.encontraitapetininga.com.br\/noticias\/wp-json\/wp\/v2\/posts\/1203","targetHints":{"allow":["GET"]}}],"collection":[{"href":"https:\/\/www.encontraitapetininga.com.br\/noticias\/wp-json\/wp\/v2\/posts"}],"about":[{"href":"https:\/\/www.encontraitapetininga.com.br\/noticias\/wp-json\/wp\/v2\/types\/post"}],"author":[{"embeddable":true,"href":"https:\/\/www.encontraitapetininga.com.br\/noticias\/wp-json\/wp\/v2\/users\/1"}],"replies":[{"embeddable":true,"href":"https:\/\/www.encontraitapetininga.com.br\/noticias\/wp-json\/wp\/v2\/comments?post=1203"}],"version-history":[{"count":0,"href":"https:\/\/www.encontraitapetininga.com.br\/noticias\/wp-json\/wp\/v2\/posts\/1203\/revisions"}],"wp:attachment":[{"href":"https:\/\/www.encontraitapetininga.com.br\/noticias\/wp-json\/wp\/v2\/media?parent=1203"}],"wp:term":[{"taxonomy":"category","embeddable":true,"href":"https:\/\/www.encontraitapetininga.com.br\/noticias\/wp-json\/wp\/v2\/categories?post=1203"},{"taxonomy":"post_tag","embeddable":true,"href":"https:\/\/www.encontraitapetininga.com.br\/noticias\/wp-json\/wp\/v2\/tags?post=1203"}],"curies":[{"name":"wp","href":"https:\/\/api.w.org\/{rel}","templated":true}]}}