{"id":1207,"date":"2013-01-23T01:31:35","date_gmt":"2013-01-23T01:31:35","guid":{"rendered":"http:\/\/www.encontraitapetininga.com.br\/noticias\/?p=1207"},"modified":"2013-08-14T15:56:04","modified_gmt":"2013-08-14T15:56:04","slug":"auxiliar-de-enfermagem-e-condenado-por-maus-tratos-em-itapetininga","status":"publish","type":"post","link":"https:\/\/www.encontraitapetininga.com.br\/noticias\/auxiliar-de-enfermagem-e-condenado-por-maus-tratos-em-itapetininga\/","title":{"rendered":"Auxiliar de enfermagem \u00e9 condenado por maus-tratos em Itapetininga"},"content":{"rendered":"<p>No domingo (20) o <em>Fant\u00e1stico<\/em> mostrou v\u00e1rios casos de maus tratos contra idosos em todo pa\u00eds, entre eles, a agress\u00f5es a um idoso de Itapetininga (SP), ocorrida em 2010. As agress\u00f5es foram cometidas por um auxiliar de enfermagem contratado para cuidar do homem que havia sofrido derrame cerebral.<\/p>\n<p>Em reportagem o promotor respons\u00e1vel pelo caso, Miguel Tassinari, afirmou que o Minist\u00e9rio P\u00fablico havia entendido a agress\u00e3o como caso tortura, no entanto, o enfermeiro foi condenado por maus-tratos.<\/p>\n<p>Tassinari explica que a distin\u00e7\u00e3o b\u00e1sica entre o crime os dois crimes, perante a lei, se deve \u00e0 intensidade do mal imposto \u00e0 v\u00edtima. \u201cA quest\u00e3o \u00e9 t\u00e9cnico-jur\u00eddica abordando em que consistiria o intenso sofrimento f\u00edsico e mental. \u00c9 uma quest\u00e3o de interpreta\u00e7\u00e3o e, nessa hip\u00f3tese, creio que a avalia\u00e7\u00e3o judicial \u00e9 de que esse sofrimento n\u00e3o atingiria a intensidade apta \u00e0 configura\u00e7\u00e3o de crime de tortura\u201d, explica.<\/p>\n<p>As agress\u00f5es contra o idoso de Itapetininga foram gravadas por c\u00e2meras instaladas nos c\u00f4modos da resid\u00eancia. Segundo o filho da v\u00edtima, Luis Carlos Fontebasso, as c\u00e2meras foram instaladas para que uma das filhas do idoso, que morava no Canad\u00e1, pudesse ver o pai. Ainda de acordo com Fontebasso, o enfermeiro tinha conhecimento dos equipamentos. \u201cQuando contratamos, avisamos sobre as c\u00e2meras. Em uma semana, pegamos 27 pontos de agress\u00e3o\u201d, conta.<\/p>\n<p>As imagens mostram o auxiliar de enfermagem cometendo as agress\u00f5es. S\u00e3o pux\u00f5es, chutes e chineladas. O homem era at\u00e9 mesmo impedido de beber \u00e1gua. A fam\u00edlia foi analisar as imagens ap\u00f3s perceber mudan\u00e7as de comportamento do idoso. Devido \u00e0 doen\u00e7a, ele n\u00e3o conseguia falar, portanto, os filhos perceberam que ele passou a dormir durante o dia e ficava acordado durante a noite. Tamb\u00e9m foram identificados hematomas.<\/p>\n<p>O auxiliar de enfermagem ficou quase cinco meses preso, e foi liberado assim que saiu a decis\u00e3o da justi\u00e7a. De acordo com o promotor, ap\u00f3s a senten\u00e7a do juiz em primeiro grau, ele ainda entrou com recurso de apela\u00e7\u00e3o. \u201cEu, absolutamente convicto de que o que havia ocorrido era crime de tortura, interpus recurso de apela\u00e7\u00e3o na tentativa de reverter essa situa\u00e7\u00e3o. No entanto, o Tribunal de Justi\u00e7a negou provimento \u00e0 esse recurso e manteve a senten\u00e7a de primeiro grau para confirmar a condena\u00e7\u00e3o pelo crime de maus-tratos\u201d, afirma.<\/p>\n<p>De acordo com o c\u00f3digo penal brasileiro, a pena para maus tratos a idosos varia de dois meses a um ano de pris\u00e3o, al\u00e9m de multa.<\/p>\n<p><em>Fonte: G1<\/em><\/p>\n","protected":false},"excerpt":{"rendered":"<p>No domingo (20) o Fant\u00e1stico mostrou v\u00e1rios casos de maus tratos contra idosos em todo pa\u00eds, entre eles, a agress\u00f5es a um idoso de Itapetininga (SP), ocorrida em 2010. As agress\u00f5es foram cometidas por um auxiliar de enfermagem contratado para cuidar do homem que havia sofrido derrame cerebral. Em reportagem o promotor respons\u00e1vel pelo caso, [&hellip;]<\/p>\n","protected":false},"author":1,"featured_media":0,"comment_status":"open","ping_status":"open","sticky":false,"template":"","format":"standard","meta":{"footnotes":""},"categories":[6],"tags":[],"class_list":["post-1207","post","type-post","status-publish","format-standard","hentry","category-noticias"],"_links":{"self":[{"href":"https:\/\/www.encontraitapetininga.com.br\/noticias\/wp-json\/wp\/v2\/posts\/1207","targetHints":{"allow":["GET"]}}],"collection":[{"href":"https:\/\/www.encontraitapetininga.com.br\/noticias\/wp-json\/wp\/v2\/posts"}],"about":[{"href":"https:\/\/www.encontraitapetininga.com.br\/noticias\/wp-json\/wp\/v2\/types\/post"}],"author":[{"embeddable":true,"href":"https:\/\/www.encontraitapetininga.com.br\/noticias\/wp-json\/wp\/v2\/users\/1"}],"replies":[{"embeddable":true,"href":"https:\/\/www.encontraitapetininga.com.br\/noticias\/wp-json\/wp\/v2\/comments?post=1207"}],"version-history":[{"count":0,"href":"https:\/\/www.encontraitapetininga.com.br\/noticias\/wp-json\/wp\/v2\/posts\/1207\/revisions"}],"wp:attachment":[{"href":"https:\/\/www.encontraitapetininga.com.br\/noticias\/wp-json\/wp\/v2\/media?parent=1207"}],"wp:term":[{"taxonomy":"category","embeddable":true,"href":"https:\/\/www.encontraitapetininga.com.br\/noticias\/wp-json\/wp\/v2\/categories?post=1207"},{"taxonomy":"post_tag","embeddable":true,"href":"https:\/\/www.encontraitapetininga.com.br\/noticias\/wp-json\/wp\/v2\/tags?post=1207"}],"curies":[{"name":"wp","href":"https:\/\/api.w.org\/{rel}","templated":true}]}}