{"id":1357,"date":"2013-05-16T05:35:13","date_gmt":"2013-05-16T05:35:13","guid":{"rendered":"http:\/\/www.encontraitapetininga.com.br\/noticias\/?p=1357"},"modified":"2013-08-14T15:56:05","modified_gmt":"2013-08-14T15:56:05","slug":"estudantes-reclamam-das-condicoes-do-transporte-escolar-em-itapetininga","status":"publish","type":"post","link":"https:\/\/www.encontraitapetininga.com.br\/noticias\/estudantes-reclamam-das-condicoes-do-transporte-escolar-em-itapetininga\/","title":{"rendered":"Estudantes reclamam das condi\u00e7\u00f5es do transporte escolar em Itapetininga"},"content":{"rendered":"<p>Estudantes que moram no bairro Cantagalo, na cidade de Itapetininga, dependem do transporte escolar para irem \u00e0 escola que fica em outro bairro, no bairro da Varginha. No entanto, segundo eles, o \u00f4nibus usado para lev\u00e1-los \u00e0 unidade est\u00e1 em p\u00e9ssimo estado de conserva\u00e7\u00e3o.<\/p>\n<p>De acordo com a m\u00e3e de um aluno, a dona de casa Andr\u00e9a Madureira, devido ao estado prec\u00e1rio do ve\u00edculo na cidade de Itapetininga, falta seguran\u00e7a para os filhos que precisam do ve\u00edculo. Ela afirma que s\u00e3o v\u00e1rios os problemas no \u00f4nibus, entre eles, a entrada de \u00e1gua em dias de chuva. \u201cQuando chove, chove mais dentro do que fora. Est\u00e1 terr\u00edvel dentro do \u00f4nibus. Al\u00e9m disso, tem dia que ele [\u00f4nibus] fica sem freios\u201d, comenta a m\u00e3e.<\/p>\n<p>Conforme reportagem exibida nesta quarta-feira (15) pela <em>TV TEM<\/em>, emissora afiliada da Rede Globo no interior de S\u00e3o Paulo, os alunos gravaram um v\u00eddeo feito que mostra o que acontece no \u00f4nibus em dia de chuva. As imagens confirmam o que a dona de casa Andr\u00e9a Madureira disse sobre a \u00e1gua. A chuva entra pela porta e pela janela do ve\u00edculo.<\/p>\n<p>A estudante Aline J\u00e9ssica usa o transporte escolar diariamente. Ela comenta que o ve\u00edculo est\u00e1 sujo, al\u00e9m de quebrado. \u201cEle est\u00e1 sujo e corremos risco de uma janela cair em cima da gente. N\u00e3o podemos nem fechar o vidro direito. A monitora j\u00e1 falou que se a gente mexer no vidro \u00e9 perigoso cair mesmo\u201d, afirma a jovem.<\/p>\n<p>Segundo a professora Renata Severino, que tamb\u00e9m tem filhos que usam o transporte, o mesmo ve\u00edculo atende o bairro h\u00e1 pelo menos tr\u00eas anos. \u201cOutros bairros vizinhos j\u00e1 est\u00e3o como ve\u00edculos novos. Somente o nosso bairro \u00e9 que est\u00e1 com esse \u00f4nibus caindo aos peda\u00e7os\u201d, diz a m\u00e3e.<\/p>\n<p>A auxiliar de enfermagem Daniela Paulino de Moraes tamb\u00e9m se diz preocupada com a situa\u00e7\u00e3o. \u201cE se acontecer algum acidente e machucar um filho da gente?\u201d, questiona.<\/p>\n<p>O dono do ve\u00edculo \u00e9 o motorista Jos\u00e9 Carlos Oliveira. Ele conta que presta servi\u00e7o ao munic\u00edpio h\u00e1 cinco anos. Segundo o propriet\u00e1rio, ele est\u00e1 esperando decis\u00e3o da <a title=\"prefeitura de Itapetininga\" href=\"http:\/\/www.encontraitapetininga.com.br\/itapetininga\/prefeitura-de-itapetininga.shtml\" target=\"_blank\">prefeitura de Itapetininga<\/a> para fazer melhorias no ve\u00edculo. \u201cEstou esperando licita\u00e7\u00e3o, aguardando o momento da abertura da licita\u00e7\u00e3o para eu trocar de ve\u00edculo. Enquanto isso, n\u00e3o tem como fazer uma melhoria. Venceu o contrato e eu estou de emerg\u00eancia aqui\u201d, comenta.<\/p>\n<p>A Prefeitura de Itapetininga informou que o servi\u00e7o de transporte escolar j\u00e1 est\u00e1 com licita\u00e7\u00e3o aberta para a escolha das empresas que realizar\u00e3o o servi\u00e7o. Nos pr\u00f3ximos dias, um preg\u00e3o ser\u00e1 realizado na prefeitura para apresenta\u00e7\u00e3o das propostas.<\/p>\n<p>Ainda segundo a prefeitura, o problema de vans e \u00f4nibus em mau estado se arrasta deste as antigas administra\u00e7\u00f5es. \u201cNeste novo processo licitat\u00f3rio ser\u00e1 exigido que os ve\u00edculos tenham, no m\u00e1ximo, cinco anos de uso. Para se ter uma ideia, o antigo contrato previa que os ve\u00edculos poderiam ter at\u00e9 15 anos de uso. Depois que o processo licitat\u00f3rio estiver conclu\u00eddo, apenas ve\u00edculos em bom estado, com o m\u00e1ximo de seguran\u00e7a e conforto ser\u00e3o oferecidos para as crian\u00e7as\u201d, afirma a assessoria de imprensa por meio de nota.<\/p>\n<p><em>Fonte: G1<\/em><\/p>\n","protected":false},"excerpt":{"rendered":"<p>Estudantes que moram no bairro Cantagalo, na cidade de Itapetininga, dependem do transporte escolar para irem \u00e0 escola que fica em outro bairro, no bairro da Varginha. No entanto, segundo eles, o \u00f4nibus usado para lev\u00e1-los \u00e0 unidade est\u00e1 em p\u00e9ssimo estado de conserva\u00e7\u00e3o. De acordo com a m\u00e3e de um aluno, a dona de [&hellip;]<\/p>\n","protected":false},"author":1,"featured_media":0,"comment_status":"open","ping_status":"open","sticky":false,"template":"","format":"standard","meta":{"footnotes":""},"categories":[6],"tags":[],"class_list":["post-1357","post","type-post","status-publish","format-standard","hentry","category-noticias"],"_links":{"self":[{"href":"https:\/\/www.encontraitapetininga.com.br\/noticias\/wp-json\/wp\/v2\/posts\/1357","targetHints":{"allow":["GET"]}}],"collection":[{"href":"https:\/\/www.encontraitapetininga.com.br\/noticias\/wp-json\/wp\/v2\/posts"}],"about":[{"href":"https:\/\/www.encontraitapetininga.com.br\/noticias\/wp-json\/wp\/v2\/types\/post"}],"author":[{"embeddable":true,"href":"https:\/\/www.encontraitapetininga.com.br\/noticias\/wp-json\/wp\/v2\/users\/1"}],"replies":[{"embeddable":true,"href":"https:\/\/www.encontraitapetininga.com.br\/noticias\/wp-json\/wp\/v2\/comments?post=1357"}],"version-history":[{"count":0,"href":"https:\/\/www.encontraitapetininga.com.br\/noticias\/wp-json\/wp\/v2\/posts\/1357\/revisions"}],"wp:attachment":[{"href":"https:\/\/www.encontraitapetininga.com.br\/noticias\/wp-json\/wp\/v2\/media?parent=1357"}],"wp:term":[{"taxonomy":"category","embeddable":true,"href":"https:\/\/www.encontraitapetininga.com.br\/noticias\/wp-json\/wp\/v2\/categories?post=1357"},{"taxonomy":"post_tag","embeddable":true,"href":"https:\/\/www.encontraitapetininga.com.br\/noticias\/wp-json\/wp\/v2\/tags?post=1357"}],"curies":[{"name":"wp","href":"https:\/\/api.w.org\/{rel}","templated":true}]}}