{"id":1399,"date":"2013-06-19T14:42:02","date_gmt":"2013-06-19T14:42:02","guid":{"rendered":"http:\/\/www.encontraitapetininga.com.br\/noticias\/?p=1399"},"modified":"2013-08-14T15:56:00","modified_gmt":"2013-08-14T15:56:00","slug":"atendimento-medico-no-hr-nao-agrada-moradores-de-itapetininga","status":"publish","type":"post","link":"https:\/\/www.encontraitapetininga.com.br\/noticias\/atendimento-medico-no-hr-nao-agrada-moradores-de-itapetininga\/","title":{"rendered":"Atendimento m\u00e9dico no HR n\u00e3o agrada moradores de Itapetininga"},"content":{"rendered":"<p>Termina nesta quarta-feira (19), o prazo dado por funcion\u00e1rios do Hospital Regional da Cidade Itapetininga para que a prefeitura se manifeste a respeito de pend\u00eancias trabalhistas relativas ao Instituo Varti, entidade que geria o HR at\u00e9 o in\u00edcio de junho.<\/p>\n<p>Os trabalhadores temem ficar sem receber.<\/p>\n<p>Enquanto isso, o atendimento oferecido no hospital na cidade Itapetininga continua sendo alvo de reclama\u00e7\u00f5es, principalmente em rela\u00e7\u00e3o \u00e0 demora no atendimento e falta de m\u00e9dicos.<\/p>\n<p>A trabalhadora rural Iracema Joaquim conta que n\u00e3o h\u00e1 m\u00e9dicos para atender toda a popula\u00e7\u00e3o. A m\u00e3e afirma que a filha dela, de oito anos de idade, est\u00e1 h\u00e1 dias sem dormir por causa de uma forte gripe. Nesta ter\u00e7a-feira, pela terceira vez, teve de voltar ao pronto-socorro. &#8220;Est\u00e3o faltando muitos recursos. O hospital j\u00e1 foi bom, mas hoje em dia n\u00e3o est\u00e1 satisfat\u00f3rio&#8221;, diz.<\/p>\n<p>Atualmente, uma comiss\u00e3o criada pela Secretaria Municipal de Sa\u00fade passou a assumir a responsabilidade da administra\u00e7\u00e3o da unidade m\u00e9dica. De acordo com a prefeitura, n\u00e3o h\u00e1 prazo para que uma nova empresa seja contratada.<\/p>\n<p><strong>Funcion\u00e1rios<\/strong><br \/>\nEnquanto os moradores reclamam do atendimento, funcion\u00e1rios cobram da prefeitura uma posi\u00e7\u00e3o sobre a situa\u00e7\u00e3o trabalhista. Nesta segunda-feira (17), foi realizada uma reuni\u00e3o a portas fechadas com funcion\u00e1rios, sindicato dos trabalhadores da \u00e1rea da sa\u00fade e a comiss\u00e3o. Os trabalhadores reivindicaram o pagamento das cestas b\u00e1sicas, atrasado em dois meses. O reajuste salarial de 7,6%, previsto para o m\u00eas de maio e a rescis\u00e3o do contrato, que n\u00e3o foi feita pelo instituto.<\/p>\n<p><strong>Entenda a situa\u00e7\u00e3o<\/strong><br \/>\nAtualmente, o HR \u00e9 administrado pela prefeitura depois de rescis\u00e3o de contrato com a entidade que geria a unidade, o Instituto Varti.\u00a0 O instituto deixou a administra\u00e7\u00e3o do hospital no \u00faltimo 6 de junho. O instituto tinha um contrato emergencial com o munic\u00edpio desde janeiro de 2010, mas, segundo a prefeitura, irregularidades nas presta\u00e7\u00f5es de contas foram encontradas o que teria acarretado o fim do conv\u00eanio.<\/p>\n<p>A prefeitura procura nova entidade para assumir o hospital de forma emergencial. Uma das entidades convidadas para assumir a gest\u00e3o \u00e9 o grupo S\u00e3o Camilo. Representantes da empresa m\u00e9dica estiveram na cidade no in\u00edcio do m\u00eas para uma avalia\u00e7\u00e3o. Eles t\u00eam um prazo de 90 dias para dar a resposta final.<\/p>\n<p>Em entrevista, Di Fiori explicou que nesse per\u00edodo em que aguardam a resposta do S\u00e3o Camilo h\u00e1 a possibilidade de contratar uma outra empresa temporariamente para assumir o HR. \u201cEstamos avaliando essa possibilidade. Caso isso aconte\u00e7a vamos optar por uma empresa que n\u00e3o nos d\u00ea preju\u00edzo. Se algo der errado, cancelamos o contrato como foi com a empresa antiga\u201d, afirma.<\/p>\n<p><strong>Impasse Administrativo<\/strong><br \/>\nO impasse sobre a administra\u00e7\u00e3o do HR ocorre desde dezembro de 2012 quando a unidade era administrada por uma Organiza\u00e7\u00e3o da Sociedade Civil de Interesse P\u00fablico (Oscip), o Sistema de Assist\u00eancia Social e Sa\u00fade (SAS). O SAS foi denunciado por suposto desvio de verba publica.<\/p>\n<p>O SAS estava \u00e0 frente da unidade desde 2007. A entidade era respons\u00e1vel por todas as atividades, desde a contrata\u00e7\u00e3o de funcion\u00e1rios at\u00e9 a distribui\u00e7\u00e3o dos recursos repassados pela <a title=\"Prefeitura Municipal de Itapetininga\" href=\"http:\/\/www.encontraitapetininga.com.br\/itapetininga\/prefeitura-de-itapetininga.shtml\" target=\"_blank\">prefeitura de Itapetininga<\/a> e pelo governo do estado.<\/p>\n<p>Em dezembro de 2012, os problemas na administra\u00e7\u00e3o come\u00e7aram a aparecer. Investiga\u00e7\u00f5es feitas pela pol\u00edcia e pelo Minist\u00e9rio P\u00fablico apontaram os poss\u00edveis desvios de dinheiro que deveria ser investido na sa\u00fade. Representantes da Oscip estariam desviando dinheiro por meio de notas frias e superfaturadas, al\u00e9m de contratos fraudulentos.<\/p>\n<p>Durante a opera\u00e7\u00e3o Atenas, feita pelo Grupo de Atua\u00e7\u00e3o Especial de Combate ao Crime Organizado (Gaeco) e a da delegacia antissequestro de Sorocaba (SP), dez pessoas foram presas. Todas ouvidas e liberadas. Ap\u00f3s as den\u00fancias, a prefeitura rescindiu o contrato com o SAS e assumiu a administra\u00e7\u00e3o.<\/p>\n<p>Com a mudan\u00e7a de prefeito em janeiro de 2013, o atual chefe do executivo, Luis Di Fiori, entregou a gest\u00e3o da unidade hospitalar ao Instituto Varti por meio de contrato emergencial que foi renovado e ficaria em vigor at\u00e9 julho, per\u00edodo este em que a prefeitura deveria definir licita\u00e7\u00e3o para contratar uma entidade interessada em administrar o hospital. No entanto, em 3 de junho, o Instituto informou que estava desistindo do contrato e que ficaria \u00e0 frente da gest\u00e3o at\u00e9 30 de junho, ou seja, o contrato seria cancelado um m\u00eas antes do previsto.<\/p>\n<p><em>Fonte: G1<\/em><\/p>\n","protected":false},"excerpt":{"rendered":"<p>Termina nesta quarta-feira (19), o prazo dado por funcion\u00e1rios do Hospital Regional da Cidade Itapetininga para que a prefeitura se manifeste a respeito de pend\u00eancias trabalhistas relativas ao Instituo Varti, entidade que geria o HR at\u00e9 o in\u00edcio de junho. Os trabalhadores temem ficar sem receber. Enquanto isso, o atendimento oferecido no hospital na cidade [&hellip;]<\/p>\n","protected":false},"author":1,"featured_media":0,"comment_status":"open","ping_status":"open","sticky":false,"template":"","format":"standard","meta":{"footnotes":""},"categories":[6],"tags":[],"class_list":["post-1399","post","type-post","status-publish","format-standard","hentry","category-noticias"],"_links":{"self":[{"href":"https:\/\/www.encontraitapetininga.com.br\/noticias\/wp-json\/wp\/v2\/posts\/1399","targetHints":{"allow":["GET"]}}],"collection":[{"href":"https:\/\/www.encontraitapetininga.com.br\/noticias\/wp-json\/wp\/v2\/posts"}],"about":[{"href":"https:\/\/www.encontraitapetininga.com.br\/noticias\/wp-json\/wp\/v2\/types\/post"}],"author":[{"embeddable":true,"href":"https:\/\/www.encontraitapetininga.com.br\/noticias\/wp-json\/wp\/v2\/users\/1"}],"replies":[{"embeddable":true,"href":"https:\/\/www.encontraitapetininga.com.br\/noticias\/wp-json\/wp\/v2\/comments?post=1399"}],"version-history":[{"count":0,"href":"https:\/\/www.encontraitapetininga.com.br\/noticias\/wp-json\/wp\/v2\/posts\/1399\/revisions"}],"wp:attachment":[{"href":"https:\/\/www.encontraitapetininga.com.br\/noticias\/wp-json\/wp\/v2\/media?parent=1399"}],"wp:term":[{"taxonomy":"category","embeddable":true,"href":"https:\/\/www.encontraitapetininga.com.br\/noticias\/wp-json\/wp\/v2\/categories?post=1399"},{"taxonomy":"post_tag","embeddable":true,"href":"https:\/\/www.encontraitapetininga.com.br\/noticias\/wp-json\/wp\/v2\/tags?post=1399"}],"curies":[{"name":"wp","href":"https:\/\/api.w.org\/{rel}","templated":true}]}}