{"id":1408,"date":"2013-06-24T01:56:22","date_gmt":"2013-06-24T01:56:22","guid":{"rendered":"http:\/\/www.encontraitapetininga.com.br\/noticias\/?p=1408"},"modified":"2013-06-24T01:56:46","modified_gmt":"2013-06-24T01:56:46","slug":"obras-no-centro-cultural-e-historico-de-itapetininga-estao-paradas","status":"publish","type":"post","link":"https:\/\/www.encontraitapetininga.com.br\/noticias\/obras-no-centro-cultural-e-historico-de-itapetininga-estao-paradas\/","title":{"rendered":"Obras no Centro Cultural e Hist\u00f3rico de Itapetininga est\u00e3o paradas"},"content":{"rendered":"<p>As obras de recupera\u00e7\u00e3o do Centro Cultural e Hist\u00f3rico \u201cBas\u00edlio Ayres Aguirre\u201d, em Itapetininga (SP), est\u00e3o paradas. Os trabalhos que come\u00e7aram em setembro de 2012, foram paralisados em 2013. Segundo a atual administra\u00e7\u00e3o municipal, a continuidade de restaura\u00e7\u00e3o depende de um projeto estadual.<\/p>\n<p>De acordo com o secret\u00e1rio de Obras de Itapetininga, Amadeu Graciano Zanolli, apenas a reforma do pr\u00e9dio n\u00e3o seria suficiente. Ele afirma que o pr\u00e9dio deve ser recuperado j\u00e1 que piso, forro e esquadrias est\u00e3o comprometidos. \u201c\u00c9 um pr\u00e9dio que tem defici\u00eancia de piso, de acessibilidade, de banheiros, al\u00e9m de problemas no revestimento interno feito de taipa de pil\u00e3o. Ent\u00e3o, a prefeitura mandou para a Secretaria Estadual da Cultura um pedido para que ela nos indique qual \u00e9 a melhor proposta para recuperar essa obra\u201d, diz.<\/p>\n<p>Ainda segundo o secretario, havia uma empresa que fazia a reforma do pr\u00e9dio ap\u00f3s ganhar a licita\u00e7\u00e3o. O valor or\u00e7ado para a obra era de aproximadamente R$ 310 mil.<\/p>\n<p>De acordo com o secret\u00e1rio, o or\u00e7amento anteriormente previsto n\u00e3o foi suficiente para a conclus\u00e3o do servi\u00e7o e para restabelecer as m\u00ednimas condi\u00e7\u00f5es do pr\u00e9dio. Zanolli acredita que v\u00e3o ser necess\u00e1rios mais de R$ 600 mil para concluir a obra. \u201cDependendo do que nos for recomendado pela Secretaria de Cultura. Talvez tenhamos que buscar por uma empresa mais especializada no assunto\u201d, afirma.<\/p>\n<p>A restaura\u00e7\u00e3o foi iniciada em setembro de 2012 e deveria ser feita em tr\u00eas etapas. A primeira seria a reforma do telhado, piso superior e as paredes de taipa de diversas salas. O pr\u00e9dio est\u00e1 bastante deteriorado, tanto que o piso superior foi desativado em outubro de 2011, justamente pelos danos estruturais. Com a paralisa\u00e7\u00e3o, o local est\u00e1 fechado ao p\u00fablico e interditado por tapumes.<\/p>\n<p>O local onde fica o Centro Cultural e Hist\u00f3rico de Itapetininga foi o primeiro pr\u00e9dio p\u00fablico da cidade. Documentos de 1854 d\u00e3o conta de sua exist\u00eancia. O im\u00f3vel foi destinado inicialmente \u00e0 cadeia. Com apenas o pavimento t\u00e9rreo, todo em taipa de pil\u00e3o, o pr\u00e9dio possu\u00eda tr\u00eas celas de pris\u00e3o, uma cela de pris\u00e3o forte, uma sala de comando da guarda e um sagu\u00e3o interno.<\/p>\n<p>Com a cria\u00e7\u00e3o da comarca de Itapetininga em 1852, tornou-se necess\u00e1ria a constru\u00e7\u00e3o de uma sede para o poder judici\u00e1rio, o F\u00f3rum. Entre 1855 e 1862, a C\u00e2mara Municipal fez in\u00fameros pedidos para a constru\u00e7\u00e3o do pr\u00e9dio pr\u00f3prio para a justi\u00e7a e para o pr\u00f3prio legislativo.<\/p>\n<p>Com os pedido, ficou decidida a amplia\u00e7\u00e3o do pr\u00e9dio. Assim, o pr\u00e9dio da cadeia recebeu um novo andar. A reforma foi autorizada pelos deputados provinciais e conclu\u00eddo por volta de 1877, com as mesmas caracter\u00edsticas no andar inferior e sala da C\u00e2mara, arquivo da c\u00e2mara, sala particular, duas salas livres, sala do juiz e sala de audi\u00eancia, al\u00e9m de um sagu\u00e3o no andar superior.<\/p>\n<p>Com a sa\u00edda do poder judici\u00e1rio e da cadeia em 1906, o local passou a ser sede da C\u00e2mara e Prefeitura at\u00e9 o ano de 1989. O local se transformou no Centro Cultural em 1991. As salas foram divididas para abrigar pe\u00e7as raras do ex-presidente J\u00falio Prestes, nascido na cidade. O espa\u00e7o tamb\u00e9m oferecia oficinas musicais e exposi\u00e7\u00f5es de artistas antes do fechamento para restaura\u00e7\u00e3o.<\/p>\n<p>Localizado no centro da cidade, na Pra\u00e7a Marechal Deodoro, o local guardava um acervo de fam\u00edlias tradicionais e personalidades que fizeram parte da hist\u00f3ria da cidade e do pa\u00eds, como J\u00falio Prestes. Para o secret\u00e1rio do Museu da Imagem e do Som (MIS) de Itapetininga, H\u00e9lio Rubens, a interdi\u00e7\u00e3o traz perdas. \u201cO Centro Cultural deve conter material que o MIS n\u00e3o cont\u00e9m. O MIS se dedica \u00e0 imagem e ao som, ent\u00e3o, as outras pe\u00e7as que s\u00e3o rel\u00edquias, inclusive muitas coisas de Julio prestes e de Cyro Albuquerque s\u00e3o guardadas neste pr\u00e9dio. N\u00e3o disponibilizar isso para o p\u00fablico \u00e9 um crime contra a cultura\u201d, afirma.<\/p>\n<p>Moradores afirmam que sentem falta do Centro Cultural. O t\u00e9cnico em seguran\u00e7a Hil\u00e1rio Belarmino de Camargo, disse que a unidade em atividade \u00e9 uma forma de manter a tradi\u00e7\u00e3o da cidade. \u201cAcho uma pena deixar um ponto hist\u00f3rico desse fechado. O local deveria ser reformar e manter a tradi\u00e7\u00e3o\u201d.<\/p>\n<p>O estudante Lu\u00eds Felipe Miranda compartilha a mesma opini\u00e3o. \u201cEu acho que deveria ser aberto por tamb\u00e9m ser antigo. Ficaria um fato hist\u00f3rico para Itapetininga e tamb\u00e9m para outras pessoas do Brasil que quiserem visitar\u201d, ressalta.<\/p>\n<p><em>Fonte: G1<\/em><\/p>\n","protected":false},"excerpt":{"rendered":"<p>As obras de recupera\u00e7\u00e3o do Centro Cultural e Hist\u00f3rico \u201cBas\u00edlio Ayres Aguirre\u201d, em Itapetininga (SP), est\u00e3o paradas. Os trabalhos que come\u00e7aram em setembro de 2012, foram paralisados em 2013. Segundo a atual administra\u00e7\u00e3o municipal, a continuidade de restaura\u00e7\u00e3o depende de um projeto estadual. De acordo com o secret\u00e1rio de Obras de Itapetininga, Amadeu Graciano Zanolli, [&hellip;]<\/p>\n","protected":false},"author":1,"featured_media":0,"comment_status":"open","ping_status":"open","sticky":false,"template":"","format":"standard","meta":{"footnotes":""},"categories":[6],"tags":[],"class_list":["post-1408","post","type-post","status-publish","format-standard","hentry","category-noticias"],"_links":{"self":[{"href":"https:\/\/www.encontraitapetininga.com.br\/noticias\/wp-json\/wp\/v2\/posts\/1408","targetHints":{"allow":["GET"]}}],"collection":[{"href":"https:\/\/www.encontraitapetininga.com.br\/noticias\/wp-json\/wp\/v2\/posts"}],"about":[{"href":"https:\/\/www.encontraitapetininga.com.br\/noticias\/wp-json\/wp\/v2\/types\/post"}],"author":[{"embeddable":true,"href":"https:\/\/www.encontraitapetininga.com.br\/noticias\/wp-json\/wp\/v2\/users\/1"}],"replies":[{"embeddable":true,"href":"https:\/\/www.encontraitapetininga.com.br\/noticias\/wp-json\/wp\/v2\/comments?post=1408"}],"version-history":[{"count":0,"href":"https:\/\/www.encontraitapetininga.com.br\/noticias\/wp-json\/wp\/v2\/posts\/1408\/revisions"}],"wp:attachment":[{"href":"https:\/\/www.encontraitapetininga.com.br\/noticias\/wp-json\/wp\/v2\/media?parent=1408"}],"wp:term":[{"taxonomy":"category","embeddable":true,"href":"https:\/\/www.encontraitapetininga.com.br\/noticias\/wp-json\/wp\/v2\/categories?post=1408"},{"taxonomy":"post_tag","embeddable":true,"href":"https:\/\/www.encontraitapetininga.com.br\/noticias\/wp-json\/wp\/v2\/tags?post=1408"}],"curies":[{"name":"wp","href":"https:\/\/api.w.org\/{rel}","templated":true}]}}