{"id":1413,"date":"2013-06-24T01:58:36","date_gmt":"2013-06-24T01:58:36","guid":{"rendered":"http:\/\/www.encontraitapetininga.com.br\/noticias\/?p=1413"},"modified":"2013-06-24T01:58:36","modified_gmt":"2013-06-24T01:58:36","slug":"alunos-com-deficiencia-continuam-sem-ir-as-aulas-em-itapetininga","status":"publish","type":"post","link":"https:\/\/www.encontraitapetininga.com.br\/noticias\/alunos-com-deficiencia-continuam-sem-ir-as-aulas-em-itapetininga\/","title":{"rendered":"Alunos com defici\u00eancia continuam sem ir \u00e0s aulas em Itapetininga"},"content":{"rendered":"<p>Alunos\u00a0 de alguns bairros da Zona Rural de Itapetininga (SP) est\u00e3o sem frequentar as aulas desde abril de 2013. O estudantes especiais, que frequentam a Apae e o Centro de de Pesquisa e Reabilita\u00e7\u00e3o Visual, o Ceprevi, n\u00e3o contam mais com o transporte especial que era oferecido pela prefeitura.<\/p>\n<p>De acordo com os pais dos alunos, o benef\u00edcio foi cortado sem aviso pr\u00e9vio e voltaria a ser utilizado no dia 1 de maio, mas at\u00e9 o momento nada mudou.<\/p>\n<p>Segundo a escritur\u00e1ria, Rita Almeida de Freitas, que \u00e9 m\u00e3e de Marco Ant\u00f4nio e moradora do bairro Gramadinho,, o\u00a0 jovem \u00e9 portador de s\u00edndrome de down e frequentava a institui\u00e7\u00e3o h\u00e1 19 anos. \u201cEm todos esse anos ele nunca ficou sem frequentar. Ele sente muita falta\u201d, explica.<\/p>\n<p>De acordo com a dona de casa, Joselene de Souza Souto, m\u00e3e de uma menina de 8 anos portadora de defici\u00eancia visual, ficar sem o transporte \u00e9 prejudicial. A menina frequentava o Ceprevi\u00a0 desde janeiro de 2013 e est\u00e1 perdendo o tratamento.<\/p>\n<p>Segundo a assessoria de imprensa da Prefeitura de Itapetininga, a linha de transporte dos alunos da zona rural matriculados na Apae est\u00e1 em processo de licita\u00e7\u00e3o. Ainda segundo a assessoria, a Secretaria Municipal de Educa\u00e7\u00e3o deve viabilizar temporariamente um ve\u00edculo da prefeitura para atender aos alunos, mas a data n\u00e3o foi informada.<\/p>\n<p><em>Fonte: G1<\/em><\/p>\n","protected":false},"excerpt":{"rendered":"<p>Alunos\u00a0 de alguns bairros da Zona Rural de Itapetininga (SP) est\u00e3o sem frequentar as aulas desde abril de 2013. O estudantes especiais, que frequentam a Apae e o Centro de de Pesquisa e Reabilita\u00e7\u00e3o Visual, o Ceprevi, n\u00e3o contam mais com o transporte especial que era oferecido pela prefeitura. De acordo com os pais dos [&hellip;]<\/p>\n","protected":false},"author":1,"featured_media":0,"comment_status":"open","ping_status":"open","sticky":false,"template":"","format":"standard","meta":{"footnotes":""},"categories":[6],"tags":[],"class_list":["post-1413","post","type-post","status-publish","format-standard","hentry","category-noticias"],"_links":{"self":[{"href":"https:\/\/www.encontraitapetininga.com.br\/noticias\/wp-json\/wp\/v2\/posts\/1413","targetHints":{"allow":["GET"]}}],"collection":[{"href":"https:\/\/www.encontraitapetininga.com.br\/noticias\/wp-json\/wp\/v2\/posts"}],"about":[{"href":"https:\/\/www.encontraitapetininga.com.br\/noticias\/wp-json\/wp\/v2\/types\/post"}],"author":[{"embeddable":true,"href":"https:\/\/www.encontraitapetininga.com.br\/noticias\/wp-json\/wp\/v2\/users\/1"}],"replies":[{"embeddable":true,"href":"https:\/\/www.encontraitapetininga.com.br\/noticias\/wp-json\/wp\/v2\/comments?post=1413"}],"version-history":[{"count":0,"href":"https:\/\/www.encontraitapetininga.com.br\/noticias\/wp-json\/wp\/v2\/posts\/1413\/revisions"}],"wp:attachment":[{"href":"https:\/\/www.encontraitapetininga.com.br\/noticias\/wp-json\/wp\/v2\/media?parent=1413"}],"wp:term":[{"taxonomy":"category","embeddable":true,"href":"https:\/\/www.encontraitapetininga.com.br\/noticias\/wp-json\/wp\/v2\/categories?post=1413"},{"taxonomy":"post_tag","embeddable":true,"href":"https:\/\/www.encontraitapetininga.com.br\/noticias\/wp-json\/wp\/v2\/tags?post=1413"}],"curies":[{"name":"wp","href":"https:\/\/api.w.org\/{rel}","templated":true}]}}