{"id":156,"date":"2011-02-14T21:09:31","date_gmt":"2011-02-14T21:09:31","guid":{"rendered":"http:\/\/www.encontraitapetininga.com.br\/noticias\/?p=156"},"modified":"2013-08-14T15:55:52","modified_gmt":"2013-08-14T15:55:52","slug":"vagas-remanescentes-e-transferencias-em-escolas-municipais-em-itapetininga","status":"publish","type":"post","link":"https:\/\/www.encontraitapetininga.com.br\/noticias\/vagas-remanescentes-e-transferencias-em-escolas-municipais-em-itapetininga\/","title":{"rendered":"Vagas remanescentes e transfer\u00eancias em escolas municipais em Itapetininga"},"content":{"rendered":"<div>A Prefeitura de Itapetininga, por meio da Secretaria de Educa\u00e7\u00e3o de guia Itapetininga,  informa que a partir de segunda-feira (dia 14) ter\u00e3o in\u00edcio as  inscri\u00e7\u00f5es e transfer\u00eancias nas Creches\/EMEIs (Ensino Infantil) e EMEFs  (Ensino Fundamental) para as vagas remanescentes.<\/p>\n<p>Os pais que n\u00e3o  conseguiram ter a sua op\u00e7\u00e3o atendida ou que perderam o prazo para  inscri\u00e7\u00e3o de seus filhos, dever\u00e3o ir \u00e0 uma Unidade da Rede para fazer a  inscri\u00e7\u00e3o.<\/p><\/div>\n<div>O pai ou respons\u00e1vel deve apresentar  no ato da inscri\u00e7\u00e3o a certid\u00e3o de nascimento da crian\u00e7a; comprovante de  resid\u00eancia; comprovante de trabalho da m\u00e3e ou do respons\u00e1vel legal;  comprovante de renda (se possuir); cart\u00e3o do Programa Bolsa-Fam\u00edlia (se  possuir) e as certid\u00f5es de nascimento de outros filhos menores de 14  anos.<\/div>\n<div>No ato da inscri\u00e7\u00e3o os pais devem indicar  at\u00e9 seis op\u00e7\u00f5es de escolas de sua prefer\u00eancia, em ordem crescente. A  divulga\u00e7\u00e3o dos resultados dos alunos atendidos no primeiro processamento  est\u00e1 prevista para o dia 28 de fevereiro e a matr\u00edcula dever\u00e1 ser  efetuada at\u00e9 o dia 31 de mar\u00e7o. A listagem dos atendidos ser\u00e1 afixada  nas unidades escolares, devendo a m\u00e3e ou respons\u00e1vel tomar ci\u00eancia do  resultado. Informa\u00e7\u00f5es podem ser obtidas pelo telefone 3273-2026.<\/p>\n<p><em>Fonte: Prefeitura de Itapetininga<\/em><\/div>\n","protected":false},"excerpt":{"rendered":"<p>A Prefeitura de Itapetininga, por meio da Secretaria de Educa\u00e7\u00e3o de guia Itapetininga, informa que a partir de segunda-feira (dia 14) ter\u00e3o in\u00edcio as inscri\u00e7\u00f5es e transfer\u00eancias nas Creches\/EMEIs (Ensino Infantil) e EMEFs (Ensino Fundamental) para as vagas remanescentes. Os pais que n\u00e3o conseguiram ter a sua op\u00e7\u00e3o atendida ou que perderam o prazo para [&hellip;]<\/p>\n","protected":false},"author":1,"featured_media":0,"comment_status":"open","ping_status":"open","sticky":false,"template":"","format":"standard","meta":{"footnotes":""},"categories":[6],"tags":[],"class_list":["post-156","post","type-post","status-publish","format-standard","hentry","category-noticias"],"_links":{"self":[{"href":"https:\/\/www.encontraitapetininga.com.br\/noticias\/wp-json\/wp\/v2\/posts\/156","targetHints":{"allow":["GET"]}}],"collection":[{"href":"https:\/\/www.encontraitapetininga.com.br\/noticias\/wp-json\/wp\/v2\/posts"}],"about":[{"href":"https:\/\/www.encontraitapetininga.com.br\/noticias\/wp-json\/wp\/v2\/types\/post"}],"author":[{"embeddable":true,"href":"https:\/\/www.encontraitapetininga.com.br\/noticias\/wp-json\/wp\/v2\/users\/1"}],"replies":[{"embeddable":true,"href":"https:\/\/www.encontraitapetininga.com.br\/noticias\/wp-json\/wp\/v2\/comments?post=156"}],"version-history":[{"count":0,"href":"https:\/\/www.encontraitapetininga.com.br\/noticias\/wp-json\/wp\/v2\/posts\/156\/revisions"}],"wp:attachment":[{"href":"https:\/\/www.encontraitapetininga.com.br\/noticias\/wp-json\/wp\/v2\/media?parent=156"}],"wp:term":[{"taxonomy":"category","embeddable":true,"href":"https:\/\/www.encontraitapetininga.com.br\/noticias\/wp-json\/wp\/v2\/categories?post=156"},{"taxonomy":"post_tag","embeddable":true,"href":"https:\/\/www.encontraitapetininga.com.br\/noticias\/wp-json\/wp\/v2\/tags?post=156"}],"curies":[{"name":"wp","href":"https:\/\/api.w.org\/{rel}","templated":true}]}}