{"id":187,"date":"2011-03-08T08:55:14","date_gmt":"2011-03-08T08:55:14","guid":{"rendered":"http:\/\/www.encontraitapetininga.com.br\/noticias\/?p=187"},"modified":"2011-03-08T00:56:30","modified_gmt":"2011-03-08T00:56:30","slug":"itapetininga-prefeitura-comemora-o-dia-internacional-da-mulher","status":"publish","type":"post","link":"https:\/\/www.encontraitapetininga.com.br\/noticias\/itapetininga-prefeitura-comemora-o-dia-internacional-da-mulher\/","title":{"rendered":"Itapetininga: Prefeitura comemora o Dia Internacional da Mulher"},"content":{"rendered":"<p>Em comemora\u00e7\u00e3o ao Dia internacional da Mulher no pr\u00f3ximo dia 8, a  Prefeitura de Itapetininga, por meio da Coordenadoria da Mulher ,  Conselho do Direito da Mulher, juntamente com o Fundo Social de  Solidariedade, realiza no proximo dia 10, \u00e0s 19:30, uma homenagem mais  do que especial as mulheres.<\/p>\n<p>Conforme a Coordenadoria da Mulher,  durante o evento ser\u00e3o entregues placas de homenagens a mulheres que se  destacam no setor p\u00fablico municipal.\u00a0 Al\u00e9m disso, haver\u00e1 apresenta\u00e7\u00e3o do  Coral do CEAMI.<\/p>\n<p>O evento acontecer\u00e1 no Fundo Social de Solidariedade, localizado a  Pra\u00e7a Gaspar Ricardo, s\/n- Centro e contar\u00e1 com apoio do CREAS, CMDMI,  OAB MULHER e\u00a0 CEAMI.<\/p>\n<p>Elas  ser\u00e3o homenageadas: Aparecida Teles Rodrigues,\u00a0 Carla Renata Ferreira  Melo Louren\u00e7o,\u00a0 Maria Aparecida Lopes dos Santos, Alcina Maria Rublo de  Lucca, Elena Risuko Yabuki, Vitalina Maria da Costa, Edilene Aparecida  Lopes, Maria L\u00facia Elias de Almeida Al\u00e9m disso, haver\u00e1 entreapresenta\u00e7\u00e3o  do Coral do CEAMI. <em><strong><\/p>\n<p><\/strong>Fonte: Prefeitura de Itapetininga<\/em><br \/>\n<em><strong><br \/>\n<\/strong><\/em><\/p>\n","protected":false},"excerpt":{"rendered":"<p>Em comemora\u00e7\u00e3o ao Dia internacional da Mulher no pr\u00f3ximo dia 8, a Prefeitura de Itapetininga, por meio da Coordenadoria da Mulher , Conselho do Direito da Mulher, juntamente com o Fundo Social de Solidariedade, realiza no proximo dia 10, \u00e0s 19:30, uma homenagem mais do que especial as mulheres. Conforme a Coordenadoria da Mulher, durante [&hellip;]<\/p>\n","protected":false},"author":1,"featured_media":0,"comment_status":"open","ping_status":"open","sticky":false,"template":"","format":"standard","meta":{"footnotes":""},"categories":[6],"tags":[],"class_list":["post-187","post","type-post","status-publish","format-standard","hentry","category-noticias"],"_links":{"self":[{"href":"https:\/\/www.encontraitapetininga.com.br\/noticias\/wp-json\/wp\/v2\/posts\/187","targetHints":{"allow":["GET"]}}],"collection":[{"href":"https:\/\/www.encontraitapetininga.com.br\/noticias\/wp-json\/wp\/v2\/posts"}],"about":[{"href":"https:\/\/www.encontraitapetininga.com.br\/noticias\/wp-json\/wp\/v2\/types\/post"}],"author":[{"embeddable":true,"href":"https:\/\/www.encontraitapetininga.com.br\/noticias\/wp-json\/wp\/v2\/users\/1"}],"replies":[{"embeddable":true,"href":"https:\/\/www.encontraitapetininga.com.br\/noticias\/wp-json\/wp\/v2\/comments?post=187"}],"version-history":[{"count":0,"href":"https:\/\/www.encontraitapetininga.com.br\/noticias\/wp-json\/wp\/v2\/posts\/187\/revisions"}],"wp:attachment":[{"href":"https:\/\/www.encontraitapetininga.com.br\/noticias\/wp-json\/wp\/v2\/media?parent=187"}],"wp:term":[{"taxonomy":"category","embeddable":true,"href":"https:\/\/www.encontraitapetininga.com.br\/noticias\/wp-json\/wp\/v2\/categories?post=187"},{"taxonomy":"post_tag","embeddable":true,"href":"https:\/\/www.encontraitapetininga.com.br\/noticias\/wp-json\/wp\/v2\/tags?post=187"}],"curies":[{"name":"wp","href":"https:\/\/api.w.org\/{rel}","templated":true}]}}