{"id":189,"date":"2011-03-08T10:57:34","date_gmt":"2011-03-08T10:57:34","guid":{"rendered":"http:\/\/www.encontraitapetininga.com.br\/noticias\/?p=189"},"modified":"2011-03-08T00:58:15","modified_gmt":"2011-03-08T00:58:15","slug":"prefeitura-de-itapetininga-decreta-ponto-facultativo-no-dia-7-e-8","status":"publish","type":"post","link":"https:\/\/www.encontraitapetininga.com.br\/noticias\/prefeitura-de-itapetininga-decreta-ponto-facultativo-no-dia-7-e-8\/","title":{"rendered":"Prefeitura de Itapetininga decreta ponto facultativo no dia 7 e 8"},"content":{"rendered":"<p>A Prefeitura de Itapetininga informa que n\u00e3o haver\u00e1 expediente nos  \u00f3rg\u00e3os p\u00fablicos segunda e ter\u00e7a-feira (dias 7 e 08) em virtude do  Carnaval. O atendimento voltar\u00e1 ao normal na quarta-feira (dia 9) a  partir do meio-dia.<\/p>\n<div><strong><br \/>\n<\/strong><\/div>\n<div><strong> Sa\u00fade:<\/strong><\/div>\n<div>As  Unidades B\u00e1sicas de Sa\u00fade (UBSs), Unidades de Sa\u00fade da Fam\u00edlia (USFs),  Postos de Atendimento \u00e0 Sa\u00fade (PASs) e o Pronto Atendimento (PA) da Vila  Rio Branco, permanecer\u00e3o fechados na segunda e na ter\u00e7a-feira e  voltar\u00e3o a atender na quarta-feira (dia 9) a partir do meio-dia.<\/p>\n<p>J\u00e1  o AME (Ambulat\u00f3rio M\u00e9dico de Especialidades), voltar\u00e1 suas atividades a  partir das 7 horas do dia 9.Funcionar\u00e3o normalmente nestes dias, o  Pronto-Socorro Municipal, Hospital Regional e o SAMU \u2013 192 (Servi\u00e7o de  Atendimento M\u00f3vel de Urg\u00eancia).<\/p>\n<\/div>\n<div><strong><br \/>\nColeta de lixo: <\/strong><\/div>\n<div>O servi\u00e7o acontecer\u00e1 nos dois dias (7, e 8) normalmente.<br \/>\n<em><br \/>\nFonte: Prefeitura de Itapetininga<\/em><\/div>\n","protected":false},"excerpt":{"rendered":"<p>A Prefeitura de Itapetininga informa que n\u00e3o haver\u00e1 expediente nos \u00f3rg\u00e3os p\u00fablicos segunda e ter\u00e7a-feira (dias 7 e 08) em virtude do Carnaval. O atendimento voltar\u00e1 ao normal na quarta-feira (dia 9) a partir do meio-dia. Sa\u00fade: As Unidades B\u00e1sicas de Sa\u00fade (UBSs), Unidades de Sa\u00fade da Fam\u00edlia (USFs), Postos de Atendimento \u00e0 Sa\u00fade (PASs) [&hellip;]<\/p>\n","protected":false},"author":1,"featured_media":0,"comment_status":"open","ping_status":"open","sticky":false,"template":"","format":"standard","meta":{"footnotes":""},"categories":[6],"tags":[],"class_list":["post-189","post","type-post","status-publish","format-standard","hentry","category-noticias"],"_links":{"self":[{"href":"https:\/\/www.encontraitapetininga.com.br\/noticias\/wp-json\/wp\/v2\/posts\/189","targetHints":{"allow":["GET"]}}],"collection":[{"href":"https:\/\/www.encontraitapetininga.com.br\/noticias\/wp-json\/wp\/v2\/posts"}],"about":[{"href":"https:\/\/www.encontraitapetininga.com.br\/noticias\/wp-json\/wp\/v2\/types\/post"}],"author":[{"embeddable":true,"href":"https:\/\/www.encontraitapetininga.com.br\/noticias\/wp-json\/wp\/v2\/users\/1"}],"replies":[{"embeddable":true,"href":"https:\/\/www.encontraitapetininga.com.br\/noticias\/wp-json\/wp\/v2\/comments?post=189"}],"version-history":[{"count":0,"href":"https:\/\/www.encontraitapetininga.com.br\/noticias\/wp-json\/wp\/v2\/posts\/189\/revisions"}],"wp:attachment":[{"href":"https:\/\/www.encontraitapetininga.com.br\/noticias\/wp-json\/wp\/v2\/media?parent=189"}],"wp:term":[{"taxonomy":"category","embeddable":true,"href":"https:\/\/www.encontraitapetininga.com.br\/noticias\/wp-json\/wp\/v2\/categories?post=189"},{"taxonomy":"post_tag","embeddable":true,"href":"https:\/\/www.encontraitapetininga.com.br\/noticias\/wp-json\/wp\/v2\/tags?post=189"}],"curies":[{"name":"wp","href":"https:\/\/api.w.org\/{rel}","templated":true}]}}