{"id":212,"date":"2011-03-24T17:05:33","date_gmt":"2011-03-24T17:05:33","guid":{"rendered":"http:\/\/www.encontraitapetininga.com.br\/noticias\/?p=212"},"modified":"2011-03-24T17:05:33","modified_gmt":"2011-03-24T17:05:33","slug":"itapetininga-participa-da-hora-do-planeta-no-proximo-sabado","status":"publish","type":"post","link":"https:\/\/www.encontraitapetininga.com.br\/noticias\/itapetininga-participa-da-hora-do-planeta-no-proximo-sabado\/","title":{"rendered":"Itapetininga participa da Hora do Planeta no pr\u00f3ximo s\u00e1bado"},"content":{"rendered":"<p>A Secretaria Municipal de Cultura e Turismo, atrav\u00e9s do Centro  Hist\u00f3rico e Cultural \u201cBras\u00edlio Ayres de Aguirre, est\u00e1 organizando uma  programa\u00e7\u00e3o especial para a Hora do Planeta, que acontece no pr\u00f3ximo  s\u00e1bado, dia 26, em todo o mundo.<\/p>\n<p>A Hora do Planeta, conhecida globalmente como Earth Hour, \u00e9 um ato  simb\u00f3lico no qual todos s\u00e3o convidados a mostrar sua preocupa\u00e7\u00e3o com o  aquecimento global. \u00c9 uma iniciativa global da Rede WWF para enfrentar  mudan\u00e7as clim\u00e1ticas.<\/p>\n<p>Durante a Hora do Planeta, pessoas, empresas, comunidades e governo  s\u00e3o convidados a apagar suas luzes pelo per\u00edodo de uma hora para mostrar  seu apoio ao combate ao aquecimento global.<\/p>\n<p>Em 2010, a Hora do Planeta foi um sucesso absoluto, com recordes  estabelecidos no mundo e no Brasil. Globalmente, 105 na\u00e7\u00f5es, 4.211  cidades e 56 capitais nacionais aderiram. J\u00e1 no Brasil, mais de tr\u00eas mil  empresas, 579 organiza\u00e7\u00f5es, tr\u00eas governos e 98 prefeituras participaram  do movimento simb\u00f3lico de alerta contra o aquecimento global e em favor  da conserva\u00e7\u00e3o de ecossistemas terrestres e aqu\u00e1ticos.<\/p>\n<p>Em Itapetininga, o movimento ser\u00e1 realizado a partir das 20:30 na  Pra\u00e7a Marechal Deodoro (Largo dos Amores). Atrav\u00e9s de uma parceria com a  Companhia Paulista de For\u00e7a e Luz (CPFL) e a Companhia de Saneamento  B\u00e1sico do Estado de S\u00e3o Paulo (SABESP), ser\u00e3o realizadas palestras sobre  a import\u00e2ncia do uso consciente da \u00e1gua e da luz no dia a dia.<\/p>\n<p>Al\u00e9m disso, ser\u00e3o discutidos temas sobre Meio Ambiente e  Vegetarianismo, com a participa\u00e7\u00e3o de C\u00e1tia Baroni e da Par\u00f3quia S\u00e3o  Roque.<br \/>\n<em><br \/>\nFonte: Prefeitura de Itapetininga<\/em><\/p>\n","protected":false},"excerpt":{"rendered":"<p>A Secretaria Municipal de Cultura e Turismo, atrav\u00e9s do Centro Hist\u00f3rico e Cultural \u201cBras\u00edlio Ayres de Aguirre, est\u00e1 organizando uma programa\u00e7\u00e3o especial para a Hora do Planeta, que acontece no pr\u00f3ximo s\u00e1bado, dia 26, em todo o mundo. A Hora do Planeta, conhecida globalmente como Earth Hour, \u00e9 um ato simb\u00f3lico no qual todos s\u00e3o [&hellip;]<\/p>\n","protected":false},"author":1,"featured_media":0,"comment_status":"open","ping_status":"open","sticky":false,"template":"","format":"standard","meta":{"footnotes":""},"categories":[6],"tags":[],"class_list":["post-212","post","type-post","status-publish","format-standard","hentry","category-noticias"],"_links":{"self":[{"href":"https:\/\/www.encontraitapetininga.com.br\/noticias\/wp-json\/wp\/v2\/posts\/212","targetHints":{"allow":["GET"]}}],"collection":[{"href":"https:\/\/www.encontraitapetininga.com.br\/noticias\/wp-json\/wp\/v2\/posts"}],"about":[{"href":"https:\/\/www.encontraitapetininga.com.br\/noticias\/wp-json\/wp\/v2\/types\/post"}],"author":[{"embeddable":true,"href":"https:\/\/www.encontraitapetininga.com.br\/noticias\/wp-json\/wp\/v2\/users\/1"}],"replies":[{"embeddable":true,"href":"https:\/\/www.encontraitapetininga.com.br\/noticias\/wp-json\/wp\/v2\/comments?post=212"}],"version-history":[{"count":0,"href":"https:\/\/www.encontraitapetininga.com.br\/noticias\/wp-json\/wp\/v2\/posts\/212\/revisions"}],"wp:attachment":[{"href":"https:\/\/www.encontraitapetininga.com.br\/noticias\/wp-json\/wp\/v2\/media?parent=212"}],"wp:term":[{"taxonomy":"category","embeddable":true,"href":"https:\/\/www.encontraitapetininga.com.br\/noticias\/wp-json\/wp\/v2\/categories?post=212"},{"taxonomy":"post_tag","embeddable":true,"href":"https:\/\/www.encontraitapetininga.com.br\/noticias\/wp-json\/wp\/v2\/tags?post=212"}],"curies":[{"name":"wp","href":"https:\/\/api.w.org\/{rel}","templated":true}]}}