{"id":2218,"date":"2013-09-11T15:29:33","date_gmt":"2013-09-11T15:29:33","guid":{"rendered":"http:\/\/www.encontraitapetininga.com.br\/noticias\/?p=2218"},"modified":"2013-09-11T15:29:33","modified_gmt":"2013-09-11T15:29:33","slug":"conferencia-municipal-de-saude-controle-social-esta-em-suas-maos-acontece-em-itapetininga","status":"publish","type":"post","link":"https:\/\/www.encontraitapetininga.com.br\/noticias\/conferencia-municipal-de-saude-controle-social-esta-em-suas-maos-acontece-em-itapetininga\/","title":{"rendered":"Confer\u00eancia Municipal de Sa\u00fade Controle Social: est\u00e1 em suas m\u00e3os acontece em Itapetininga"},"content":{"rendered":"<p>A Secretaria Municipal de Sa\u00fade e o Conselho Municipal de Sa\u00fade, por meio da Comiss\u00e3o Organizadora e Executiva promovem a 6\u00aa Confer\u00eancia Municipal de Sa\u00fade no dia 13 de setembro de 2013 das 09h \u00e0s 16h no Plen\u00e1rio da C\u00e2mara Municipal de Itapetininga, situado na Rua Monsenhor Soares n\u00ba 251, Centro.<\/p>\n<p>A Confer\u00eancia Municipal de Sa\u00fade t\u00eam a finalidade de promover amplo debate, aberto, democr\u00e1tico, construtivo e respeitoso do fortalecimento da Aten\u00e7\u00e3o em Sa\u00fade e da Sa\u00fade do Trabalhador, devendo elaborar e deliberar sobre pol\u00edticas da sa\u00fade de \u00e2mbito municipal, objetivando reafirmar e buscar a efetividade dos princ\u00edpios e diretrizes do Sistema \u00danico de Sa\u00fade garantido na Constitui\u00e7\u00e3o Federal, artigos 196 a 200.<\/p>\n<p>A Secretaria de Sa\u00fade convida a popula\u00e7\u00e3o usu\u00e1ria do SUS atrav\u00e9s de suas representa\u00e7\u00f5es, t\u00e9cnicos do SUS, \u00f3rg\u00e3os p\u00fablicos municipais, estaduais e federais, conselhos de sa\u00fade, sindicatos, imprensa em geral e autoridades participem do evento.<\/p>\n","protected":false},"excerpt":{"rendered":"<p>A Secretaria Municipal de Sa\u00fade e o Conselho Municipal de Sa\u00fade, por meio da Comiss\u00e3o Organizadora e Executiva promovem a 6\u00aa Confer\u00eancia Municipal de Sa\u00fade no dia 13 de setembro de 2013 das 09h \u00e0s 16h no Plen\u00e1rio da C\u00e2mara Municipal de Itapetininga, situado na Rua Monsenhor Soares n\u00ba 251, Centro. A Confer\u00eancia Municipal de [&hellip;]<\/p>\n","protected":false},"author":1,"featured_media":0,"comment_status":"open","ping_status":"open","sticky":false,"template":"","format":"standard","meta":{"footnotes":""},"categories":[6],"tags":[],"class_list":["post-2218","post","type-post","status-publish","format-standard","hentry","category-noticias"],"_links":{"self":[{"href":"https:\/\/www.encontraitapetininga.com.br\/noticias\/wp-json\/wp\/v2\/posts\/2218","targetHints":{"allow":["GET"]}}],"collection":[{"href":"https:\/\/www.encontraitapetininga.com.br\/noticias\/wp-json\/wp\/v2\/posts"}],"about":[{"href":"https:\/\/www.encontraitapetininga.com.br\/noticias\/wp-json\/wp\/v2\/types\/post"}],"author":[{"embeddable":true,"href":"https:\/\/www.encontraitapetininga.com.br\/noticias\/wp-json\/wp\/v2\/users\/1"}],"replies":[{"embeddable":true,"href":"https:\/\/www.encontraitapetininga.com.br\/noticias\/wp-json\/wp\/v2\/comments?post=2218"}],"version-history":[{"count":0,"href":"https:\/\/www.encontraitapetininga.com.br\/noticias\/wp-json\/wp\/v2\/posts\/2218\/revisions"}],"wp:attachment":[{"href":"https:\/\/www.encontraitapetininga.com.br\/noticias\/wp-json\/wp\/v2\/media?parent=2218"}],"wp:term":[{"taxonomy":"category","embeddable":true,"href":"https:\/\/www.encontraitapetininga.com.br\/noticias\/wp-json\/wp\/v2\/categories?post=2218"},{"taxonomy":"post_tag","embeddable":true,"href":"https:\/\/www.encontraitapetininga.com.br\/noticias\/wp-json\/wp\/v2\/tags?post=2218"}],"curies":[{"name":"wp","href":"https:\/\/api.w.org\/{rel}","templated":true}]}}