{"id":225,"date":"2011-04-02T21:06:23","date_gmt":"2011-04-02T21:06:23","guid":{"rendered":"http:\/\/www.encontraitapetininga.com.br\/noticias\/?p=225"},"modified":"2011-04-02T21:06:23","modified_gmt":"2011-04-02T21:06:23","slug":"garcom-morto-apos-discussao-e-enterrado-em-itapetininga","status":"publish","type":"post","link":"https:\/\/www.encontraitapetininga.com.br\/noticias\/garcom-morto-apos-discussao-e-enterrado-em-itapetininga\/","title":{"rendered":"Gar\u00e7om morto ap\u00f3s discuss\u00e3o \u00e9 enterrado em Itapetininga"},"content":{"rendered":"<p>O gar\u00e7om que foi espancado at\u00e9 a morte em Itapetininga, a 172 km de S\u00e3o  Paulo, foi enterrado na manh\u00e3 desta sexta-feira (1\u00ba) em um cemit\u00e9rio da  cidade. O crime aconteceu na quinta-feira (31), ap\u00f3s uma discuss\u00e3o entre  ele e um lutador de artes marciais fora de uma padaria. O homem foi  detido e, segundo a pol\u00edcia, confessou o crime.<\/p>\n<p>Segundo o delegado Victor Hugo Siqueira Paulino, que investiga o caso, o  desentendimento teria come\u00e7ado porque o lutador esqueceu a chave de sua  moto na padaria em que estava e na qual o gar\u00e7om trabalhava. Ao  perceber que estava sem as chaves no estacionamento, ele voltou \u00e0  padaria e tentou entrar pela porta de sa\u00edda do estabelecimento. O gar\u00e7om  teria, ent\u00e3o, impedido a entrada do lutador.<\/p>\n<p>A pol\u00edcia est\u00e1 investigando se houve participa\u00e7\u00e3o de outra pessoa no  crime. O lutador ser\u00e1 indiciado por homic\u00eddio doloso qualificado, quando  h\u00e1 a inten\u00e7\u00e3o de matar. A pena pode chegar a 30 anos de pris\u00e3o.<br \/>\n<em><br \/>\nFonte: G1<\/em><\/p>\n","protected":false},"excerpt":{"rendered":"<p>O gar\u00e7om que foi espancado at\u00e9 a morte em Itapetininga, a 172 km de S\u00e3o Paulo, foi enterrado na manh\u00e3 desta sexta-feira (1\u00ba) em um cemit\u00e9rio da cidade. O crime aconteceu na quinta-feira (31), ap\u00f3s uma discuss\u00e3o entre ele e um lutador de artes marciais fora de uma padaria. O homem foi detido e, segundo [&hellip;]<\/p>\n","protected":false},"author":1,"featured_media":0,"comment_status":"open","ping_status":"open","sticky":false,"template":"","format":"standard","meta":{"footnotes":""},"categories":[6],"tags":[],"class_list":["post-225","post","type-post","status-publish","format-standard","hentry","category-noticias"],"_links":{"self":[{"href":"https:\/\/www.encontraitapetininga.com.br\/noticias\/wp-json\/wp\/v2\/posts\/225","targetHints":{"allow":["GET"]}}],"collection":[{"href":"https:\/\/www.encontraitapetininga.com.br\/noticias\/wp-json\/wp\/v2\/posts"}],"about":[{"href":"https:\/\/www.encontraitapetininga.com.br\/noticias\/wp-json\/wp\/v2\/types\/post"}],"author":[{"embeddable":true,"href":"https:\/\/www.encontraitapetininga.com.br\/noticias\/wp-json\/wp\/v2\/users\/1"}],"replies":[{"embeddable":true,"href":"https:\/\/www.encontraitapetininga.com.br\/noticias\/wp-json\/wp\/v2\/comments?post=225"}],"version-history":[{"count":0,"href":"https:\/\/www.encontraitapetininga.com.br\/noticias\/wp-json\/wp\/v2\/posts\/225\/revisions"}],"wp:attachment":[{"href":"https:\/\/www.encontraitapetininga.com.br\/noticias\/wp-json\/wp\/v2\/media?parent=225"}],"wp:term":[{"taxonomy":"category","embeddable":true,"href":"https:\/\/www.encontraitapetininga.com.br\/noticias\/wp-json\/wp\/v2\/categories?post=225"},{"taxonomy":"post_tag","embeddable":true,"href":"https:\/\/www.encontraitapetininga.com.br\/noticias\/wp-json\/wp\/v2\/tags?post=225"}],"curies":[{"name":"wp","href":"https:\/\/api.w.org\/{rel}","templated":true}]}}