{"id":466,"date":"2011-09-22T00:11:05","date_gmt":"2011-09-22T00:11:05","guid":{"rendered":"http:\/\/www.encontraitapetininga.com.br\/noticias\/?p=466"},"modified":"2013-08-14T15:55:51","modified_gmt":"2013-08-14T15:55:51","slug":"votacao-de-aumento-de-vereadores-e-adiada-em-itapetininga-%e2%80%8e","status":"publish","type":"post","link":"https:\/\/www.encontraitapetininga.com.br\/noticias\/votacao-de-aumento-de-vereadores-e-adiada-em-itapetininga-%e2%80%8e\/","title":{"rendered":"Vota\u00e7\u00e3o de aumento de vereadores \u00e9 adiada em Itapetininga \u200e"},"content":{"rendered":"<p>O projeto de lei que amplia o n\u00famero de vereadores na cidade de Itapetininga de 11 para 15 n\u00e3o foi votado na sess\u00e3o desta segunda-feira (19). O vereador Heleno de Souza pediu vistas ao projeto, isso significa que o assunto volta a ser decidido na semana que vem, j\u00e1 que ele ainda foi foi esgotado em debate com popula\u00e7\u00e3o para se chegar ao n\u00famero real necess\u00e1rio que a popula\u00e7\u00e3o queira.<\/p>\n<p>Segundo o presidente da c\u00e2mara municipal de Itapetininga Fuad Abra\u00e3o Isaac, a maioria das pessoas n\u00e3o quer que aumente o n\u00famero de vereadores.<\/p>\n<p><em>Fonte: Rede Bom Dia<\/em><\/p>\n","protected":false},"excerpt":{"rendered":"<p>O projeto de lei que amplia o n\u00famero de vereadores na cidade de Itapetininga de 11 para 15 n\u00e3o foi votado na sess\u00e3o desta segunda-feira (19). O vereador Heleno de Souza pediu vistas ao projeto, isso significa que o assunto volta a ser decidido na semana que vem, j\u00e1 que ele ainda foi foi esgotado [&hellip;]<\/p>\n","protected":false},"author":1,"featured_media":0,"comment_status":"open","ping_status":"open","sticky":false,"template":"","format":"standard","meta":{"footnotes":""},"categories":[6],"tags":[],"class_list":["post-466","post","type-post","status-publish","format-standard","hentry","category-noticias"],"_links":{"self":[{"href":"https:\/\/www.encontraitapetininga.com.br\/noticias\/wp-json\/wp\/v2\/posts\/466","targetHints":{"allow":["GET"]}}],"collection":[{"href":"https:\/\/www.encontraitapetininga.com.br\/noticias\/wp-json\/wp\/v2\/posts"}],"about":[{"href":"https:\/\/www.encontraitapetininga.com.br\/noticias\/wp-json\/wp\/v2\/types\/post"}],"author":[{"embeddable":true,"href":"https:\/\/www.encontraitapetininga.com.br\/noticias\/wp-json\/wp\/v2\/users\/1"}],"replies":[{"embeddable":true,"href":"https:\/\/www.encontraitapetininga.com.br\/noticias\/wp-json\/wp\/v2\/comments?post=466"}],"version-history":[{"count":0,"href":"https:\/\/www.encontraitapetininga.com.br\/noticias\/wp-json\/wp\/v2\/posts\/466\/revisions"}],"wp:attachment":[{"href":"https:\/\/www.encontraitapetininga.com.br\/noticias\/wp-json\/wp\/v2\/media?parent=466"}],"wp:term":[{"taxonomy":"category","embeddable":true,"href":"https:\/\/www.encontraitapetininga.com.br\/noticias\/wp-json\/wp\/v2\/categories?post=466"},{"taxonomy":"post_tag","embeddable":true,"href":"https:\/\/www.encontraitapetininga.com.br\/noticias\/wp-json\/wp\/v2\/tags?post=466"}],"curies":[{"name":"wp","href":"https:\/\/api.w.org\/{rel}","templated":true}]}}