{"id":83,"date":"2010-12-08T18:57:49","date_gmt":"2010-12-08T18:57:49","guid":{"rendered":"http:\/\/www.encontraitapetininga.com.br\/noticias\/?p=83"},"modified":"2010-12-08T18:57:49","modified_gmt":"2010-12-08T18:57:49","slug":"plano-municipal-de-educacao-sera-lancado-nesta-quinta-feira-em-itapecerica-da-serra","status":"publish","type":"post","link":"https:\/\/www.encontraitapetininga.com.br\/noticias\/plano-municipal-de-educacao-sera-lancado-nesta-quinta-feira-em-itapecerica-da-serra\/","title":{"rendered":"Plano Municipal de Educa\u00e7\u00e3o ser\u00e1 lan\u00e7ado nesta quinta-feira em Itapecerica da Serra"},"content":{"rendered":"<div id=\"artigo\">\n<div>Com objetivo de planejar as principais a\u00e7\u00f5es que  nortear\u00e3o o desenvolvimento das pol\u00edticas educacionais do munic\u00edpio para  os pr\u00f3ximos 10 anos, a Prefeitura, por meio da Secretaria de Educa\u00e7\u00e3o,  lan\u00e7a nesta quinta-feira (dia 9) o Plano Municipal de Educa\u00e7\u00e3o de  Itapetininga ( PMEI).<\/div>\n<div>\nO plano, elaborado pelo  Conselho Municipal de Educa\u00e7\u00e3o, sob a coordena\u00e7\u00e3o Administra\u00e7\u00e3o  Municipal, \u00e9 uma obriga\u00e7\u00e3o legal do Minist\u00e9rio da Educa\u00e7\u00e3o e cont\u00e9m  diagn\u00f3sticos da educa\u00e7\u00e3o no munic\u00edpio e propostas para a educa\u00e7\u00e3o  infantil, fundamental, m\u00e9dio e superior para os pr\u00f3ximos \u00a0anos.<\/div>\n<div>Conforme  a Secretaria de Educa\u00e7\u00e3o, Plano Municipal de Educa\u00e7\u00e3o de Itapetininga  ir\u00e1 fortalecerr a gest\u00e3o escolar e elevar, ainda mais, os n\u00edveis de  aproveitamento dos alunos.<\/div>\n<div>A apresenta\u00e7\u00e3o do  PMEI \u00e0 C\u00e2mara Municipal de Itapetininga aconteceno Departamento T\u00e9cnico  Pedag\u00f3gico, localizado \u00e0 Rua Jos\u00e9 Bonif\u00e1cio, 739, centro, a partir das  19h, com a presen\u00e7a de autoridades e convidados.<\/div>\n<div>Lembramos que, o Plano Municipal de Educa\u00e7\u00e3o de Itapetininga passa a vigorar a partir da sua publica\u00e7\u00e3o.<\/p>\n<p><em>Fonte: Prefeitura de Itapetininga<\/em><\/div>\n<\/div>\n","protected":false},"excerpt":{"rendered":"<p>Com objetivo de planejar as principais a\u00e7\u00f5es que nortear\u00e3o o desenvolvimento das pol\u00edticas educacionais do munic\u00edpio para os pr\u00f3ximos 10 anos, a Prefeitura, por meio da Secretaria de Educa\u00e7\u00e3o, lan\u00e7a nesta quinta-feira (dia 9) o Plano Municipal de Educa\u00e7\u00e3o de Itapetininga ( PMEI). O plano, elaborado pelo Conselho Municipal de Educa\u00e7\u00e3o, sob a coordena\u00e7\u00e3o Administra\u00e7\u00e3o [&hellip;]<\/p>\n","protected":false},"author":1,"featured_media":0,"comment_status":"open","ping_status":"open","sticky":false,"template":"","format":"standard","meta":{"footnotes":""},"categories":[6],"tags":[],"class_list":["post-83","post","type-post","status-publish","format-standard","hentry","category-noticias"],"_links":{"self":[{"href":"https:\/\/www.encontraitapetininga.com.br\/noticias\/wp-json\/wp\/v2\/posts\/83","targetHints":{"allow":["GET"]}}],"collection":[{"href":"https:\/\/www.encontraitapetininga.com.br\/noticias\/wp-json\/wp\/v2\/posts"}],"about":[{"href":"https:\/\/www.encontraitapetininga.com.br\/noticias\/wp-json\/wp\/v2\/types\/post"}],"author":[{"embeddable":true,"href":"https:\/\/www.encontraitapetininga.com.br\/noticias\/wp-json\/wp\/v2\/users\/1"}],"replies":[{"embeddable":true,"href":"https:\/\/www.encontraitapetininga.com.br\/noticias\/wp-json\/wp\/v2\/comments?post=83"}],"version-history":[{"count":0,"href":"https:\/\/www.encontraitapetininga.com.br\/noticias\/wp-json\/wp\/v2\/posts\/83\/revisions"}],"wp:attachment":[{"href":"https:\/\/www.encontraitapetininga.com.br\/noticias\/wp-json\/wp\/v2\/media?parent=83"}],"wp:term":[{"taxonomy":"category","embeddable":true,"href":"https:\/\/www.encontraitapetininga.com.br\/noticias\/wp-json\/wp\/v2\/categories?post=83"},{"taxonomy":"post_tag","embeddable":true,"href":"https:\/\/www.encontraitapetininga.com.br\/noticias\/wp-json\/wp\/v2\/tags?post=83"}],"curies":[{"name":"wp","href":"https:\/\/api.w.org\/{rel}","templated":true}]}}