{"id":938,"date":"2012-07-03T14:53:38","date_gmt":"2012-07-03T14:53:38","guid":{"rendered":"http:\/\/www.encontraitapetininga.com.br\/noticias\/?p=938"},"modified":"2013-08-14T15:56:03","modified_gmt":"2013-08-14T15:56:03","slug":"exposicao-bonito-sera-aberta-nesta-quarta-feira-em-itapetininga","status":"publish","type":"post","link":"https:\/\/www.encontraitapetininga.com.br\/noticias\/exposicao-bonito-sera-aberta-nesta-quarta-feira-em-itapetininga\/","title":{"rendered":"Exposi\u00e7\u00e3o &#8216;Bonito&#8217; ser\u00e1 aberta nesta quarta-feira em Itapetininga"},"content":{"rendered":"<div id=\"materia-letra\">\n<div>\n<div>\n<p>A partir desta quarta-feira (4), o Sesi de Itapetininga abre a exposi\u00e7\u00e3o fotogr\u00e1fica &#8216;Bonito&#8217;, de Paulo Berton.<br \/>\nA mostra apresenta a beleza natural inusitada da cidade tur\u00edstica de mesmo nome, localizada no Mato Grosso do Sul. As imagens ficar\u00e3o expostas \u00e0 visita\u00e7\u00e3o gratuita at\u00e9 o dia 14, de ter\u00e7a-feira a domingo, das 14h \u00e0s 18h.<\/p>\n<p>Conhecido pelos nativos como a praia do estado, o local \u00e9 dotado de recursos naturais \u00fanicos. A regi\u00e3o possui uma infinidade de grutas, rios e cachoeiras de rara beleza, com destaques para a Gruta do Lago Azul e o Aqu\u00e1rio, atra\u00e7\u00f5es que comp\u00f5em o acervo da exposi\u00e7\u00e3o.<\/p>\n<p>Todo esse esplendor foi captado pelas objetivas de Berton durante dois saf\u00e1ris fotogr\u00e1ficos realizados nos anos de 1993 e 1994. \u201cS\u00e3o fotos ex\u00f3ticas e fascinantes que, com t\u00e9cnica apurada e muita sensibilidade, conseguem captar e transmitir toda a exuber\u00e2ncia natural de Bonito\u201d, confirma ele.<\/p>\n<p><strong>Sobre Paulo Berton<\/strong><br \/>\nPaulo Berton \u00e9 designer formado pela Universidade Mackenzie. Em 1978, ele come\u00e7ou como fot\u00f3grafo autodidata, profissionalizando-se seis anos mais tarde. Em 1986, montou seu est\u00fadio e, desde ent\u00e3o, dedica-se a diversos ramos da fotografia: publicidade, arquitetura, editoriais, eventos e natureza.<\/p>\n<p>Seu curr\u00edculo conta com exposi\u00e7\u00f5es e pr\u00eamios nacionais e internacionais. Turquia, Estados Unidos, Inglaterra, Fran\u00e7a, \u00c1ustria, It\u00e1lia e Cro\u00e1cia conheceram o que de melhor o autor tem produzido. No Jap\u00e3o, foi premiado duas vezes com medalha de bronze.<\/p>\n<p>O Sesi de Itapetininga fica na avenida Padre Antonio Brunetti, 1.360, na Vila Rio Branco.<\/p>\n<p><em>Fonte: G1<\/em><\/p>\n<\/div>\n<\/div>\n<\/div>\n","protected":false},"excerpt":{"rendered":"<p>A partir desta quarta-feira (4), o Sesi de Itapetininga abre a exposi\u00e7\u00e3o fotogr\u00e1fica &#8216;Bonito&#8217;, de Paulo Berton. A mostra apresenta a beleza natural inusitada da cidade tur\u00edstica de mesmo nome, localizada no Mato Grosso do Sul. As imagens ficar\u00e3o expostas \u00e0 visita\u00e7\u00e3o gratuita at\u00e9 o dia 14, de ter\u00e7a-feira a domingo, das 14h \u00e0s 18h. [&hellip;]<\/p>\n","protected":false},"author":1,"featured_media":0,"comment_status":"open","ping_status":"open","sticky":false,"template":"","format":"standard","meta":{"footnotes":""},"categories":[6],"tags":[],"class_list":["post-938","post","type-post","status-publish","format-standard","hentry","category-noticias"],"_links":{"self":[{"href":"https:\/\/www.encontraitapetininga.com.br\/noticias\/wp-json\/wp\/v2\/posts\/938","targetHints":{"allow":["GET"]}}],"collection":[{"href":"https:\/\/www.encontraitapetininga.com.br\/noticias\/wp-json\/wp\/v2\/posts"}],"about":[{"href":"https:\/\/www.encontraitapetininga.com.br\/noticias\/wp-json\/wp\/v2\/types\/post"}],"author":[{"embeddable":true,"href":"https:\/\/www.encontraitapetininga.com.br\/noticias\/wp-json\/wp\/v2\/users\/1"}],"replies":[{"embeddable":true,"href":"https:\/\/www.encontraitapetininga.com.br\/noticias\/wp-json\/wp\/v2\/comments?post=938"}],"version-history":[{"count":0,"href":"https:\/\/www.encontraitapetininga.com.br\/noticias\/wp-json\/wp\/v2\/posts\/938\/revisions"}],"wp:attachment":[{"href":"https:\/\/www.encontraitapetininga.com.br\/noticias\/wp-json\/wp\/v2\/media?parent=938"}],"wp:term":[{"taxonomy":"category","embeddable":true,"href":"https:\/\/www.encontraitapetininga.com.br\/noticias\/wp-json\/wp\/v2\/categories?post=938"},{"taxonomy":"post_tag","embeddable":true,"href":"https:\/\/www.encontraitapetininga.com.br\/noticias\/wp-json\/wp\/v2\/tags?post=938"}],"curies":[{"name":"wp","href":"https:\/\/api.w.org\/{rel}","templated":true}]}}